{"id":1347,"date":"2021-08-10T12:15:29","date_gmt":"2021-08-10T15:15:29","guid":{"rendered":"https:\/\/www.asalfa.org.ar\/web\/?p=1347"},"modified":"2026-01-13T18:23:45","modified_gmt":"2026-01-13T21:23:45","slug":"curso-online-icra","status":"publish","type":"post","link":"http:\/\/www.asalfa.org.ar\/web\/2021\/08\/10\/curso-online-icra\/","title":{"rendered":"Curso online ICRA"},"content":{"rendered":"<p>El M\u00e9todo ICRA,\u00a0<strong>Investigaci\u00f3n de la Competencia Comunicativa para la Realizaci\u00f3n de Actos de Habla\u00a0<\/strong>(Abraham y Brenca) es un abordaje te\u00f3rico-cl\u00ednico del aspecto pragm\u00e1tico del lenguaje. Abarca tanto la instancia de evaluaci\u00f3n como la de tratamiento de pacientes con compromisos del lenguaje, en el marco del enfoque fonoaudiol\u00f3gico neuroling\u00fc\u00edstico.<\/p>\n<div class=\"first column\">\n<div><strong style=\"color: #993366;\">&gt; Descarg\u00e1 toda la info del curso, haciendo click en los 3 puntitos (&#8230;) del pdf.<\/strong><\/div>\n<\/div>\n<div class=\"_df_book df-container df-loading \" id=\"df_1350\"  title=\"introduccion-al-metodo-icra\" wpoptions=\"true\" thumbtype=\"bg\" ><\/div><script data-cfasync=\"false\">var option_df_1350 = {\"outline\":[],\"forceFit\":\"true\",\"autoEnableOutline\":\"false\",\"autoEnableThumbnail\":\"false\",\"overwritePDFOutline\":\"false\",\"direction\":\"1\",\"pageMode\":\"0\",\"source\":\"http:\\\/\\\/www.asalfa.org.ar\\\/web\\\/wp-content\\\/uploads\\\/2021\\\/07\\\/Curso-ICRA-2021.pdf\",\"wpOptions\":\"true\"}; if(window.DFLIP && DFLIP.parseBooks){DFLIP.parseBooks();}<\/script>\n","protected":false},"excerpt":{"rendered":"<p>El M\u00e9todo ICRA,\u00a0Investigaci\u00f3n de la Competencia Comunicativa para la Realizaci\u00f3n de Actos de Habla\u00a0(Abraham y Brenca) es un abordaje te\u00f3rico-cl\u00ednico del aspecto pragm\u00e1tico del lenguaje. Abarca tanto la instancia de evaluaci\u00f3n como la de tratamiento de pacientes con compromisos del lenguaje, en el marco del enfoque fonoaudiol\u00f3gico neuroling\u00fc\u00edstico. &gt; Descarg\u00e1 toda la info del curso,&hellip;<\/p>\n","protected":false},"author":2,"featured_media":1348,"comment_status":"closed","ping_status":"open","sticky":false,"template":"","format":"standard","meta":{"cybocfi_hide_featured_image":"yes"},"categories":[154],"tags":[311,309,310],"yoast_head":"<!-- This site is optimized with the Yoast SEO plugin v16.8 - https:\/\/yoast.com\/wordpress\/plugins\/seo\/ -->\n<title>Curso online ICRA | Asoc. Arg. de Logopedia, Foniatr\u00eda y Audiolog\u00eda<\/title>\n<meta name=\"description\" content=\"El M\u00e9todo ICRA,\u00a0Investigaci\u00f3n de la Competencia Comunicativa para la Realizaci\u00f3n de Actos de Habla\u00a0(Abraham y Brenca) es un abordaje te\u00f3rico-cl\u00ednico del aspecto pragm\u00e1tico del lenguaje. Conoc\u00e9 m\u00e1s, con el curso introductorio al M\u00e9todo ICRA y a la Bater\u00eda ICRA-A.\" \/>\n<meta name=\"robots\" content=\"index, follow, max-snippet:-1, max-image-preview:large, max-video-preview:-1\" \/>\n<link rel=\"canonical\" href=\"https:\/\/www.asalfa.org.ar\/web\/2021\/08\/10\/curso-online-icra\/\" \/>\n<meta property=\"og:locale\" content=\"es_ES\" \/>\n<meta property=\"og:type\" content=\"article\" \/>\n<meta property=\"og:title\" content=\"Curso online ICRA | Asoc. Arg. de Logopedia, Foniatr\u00eda y Audiolog\u00eda\" \/>\n<meta property=\"og:description\" content=\"El M\u00e9todo ICRA,\u00a0Investigaci\u00f3n de la Competencia Comunicativa para la Realizaci\u00f3n de Actos de Habla\u00a0(Abraham y Brenca) es un abordaje te\u00f3rico-cl\u00ednico del aspecto pragm\u00e1tico del lenguaje. Conoc\u00e9 m\u00e1s, con el curso introductorio al M\u00e9todo ICRA y a la Bater\u00eda ICRA-A.\" \/>\n<meta property=\"og:url\" content=\"https:\/\/www.asalfa.org.ar\/web\/2021\/08\/10\/curso-online-icra\/\" \/>\n<meta property=\"og:site_name\" content=\"Asoc. Arg. de Logopedia, Foniatr\u00eda y Audiolog\u00eda\" \/>\n<meta property=\"article:publisher\" content=\"https:\/\/www.facebook.com\/asalfa.web\" \/>\n<meta property=\"article:published_time\" content=\"2021-08-10T15:15:29+00:00\" \/>\n<meta property=\"article:modified_time\" content=\"2026-01-13T21:23:45+00:00\" \/>\n<meta property=\"og:image\" content=\"http:\/\/www.asalfa.org.ar\/web\/wp-content\/uploads\/2021\/08\/22.jpg\" \/>\n\t<meta property=\"og:image:width\" content=\"1080\" \/>\n\t<meta property=\"og:image:height\" content=\"1080\" \/>\n<meta name=\"twitter:card\" content=\"summary_large_image\" \/>\n<meta name=\"twitter:label1\" content=\"Escrito por\" \/>\n\t<meta name=\"twitter:data1\" content=\"ASALFA Admin\" \/>\n\t<meta name=\"twitter:label2\" content=\"Tiempo de lectura\" \/>\n\t<meta name=\"twitter:data2\" content=\"1 minuto\" \/>\n<script type=\"application\/ld+json\" class=\"yoast-schema-graph\">{\"@context\":\"https:\/\/schema.org\",\"@graph\":[{\"@type\":\"Organization\",\"@id\":\"https:\/\/www.asalfa.org.ar\/web\/#organization\",\"name\":\"ASALFA\",\"url\":\"https:\/\/www.asalfa.org.ar\/web\/\",\"sameAs\":[\"https:\/\/www.facebook.com\/asalfa.web\",\"https:\/\/www.instagram.com\/asalfa.fono\/\",\"https:\/\/www.youtube.com\/channel\/UCViRiKssMnG1fvSb5yMV_Gw\"],\"logo\":{\"@type\":\"ImageObject\",\"@id\":\"https:\/\/www.asalfa.org.ar\/web\/#logo\",\"inLanguage\":\"es-AR\",\"url\":\"https:\/\/www.asalfa.org.ar\/web\/wp-content\/uploads\/2021\/07\/LogoASALFAdesde1948-1.png\",\"contentUrl\":\"https:\/\/www.asalfa.org.ar\/web\/wp-content\/uploads\/2021\/07\/LogoASALFAdesde1948-1.png\",\"width\":249,\"height\":65,\"caption\":\"ASALFA\"},\"image\":{\"@id\":\"https:\/\/www.asalfa.org.ar\/web\/#logo\"}},{\"@type\":\"WebSite\",\"@id\":\"https:\/\/www.asalfa.org.ar\/web\/#website\",\"url\":\"https:\/\/www.asalfa.org.ar\/web\/\",\"name\":\"ASALFA\",\"description\":\"Fonoaudiolog\\u00eda\",\"publisher\":{\"@id\":\"https:\/\/www.asalfa.org.ar\/web\/#organization\"},\"potentialAction\":[{\"@type\":\"SearchAction\",\"target\":{\"@type\":\"EntryPoint\",\"urlTemplate\":\"https:\/\/www.asalfa.org.ar\/web\/?s={search_term_string}\"},\"query-input\":\"required name=search_term_string\"}],\"inLanguage\":\"es-AR\"},{\"@type\":\"WebPage\",\"@id\":\"https:\/\/www.asalfa.org.ar\/web\/2021\/08\/10\/curso-online-icra\/#webpage\",\"url\":\"https:\/\/www.asalfa.org.ar\/web\/2021\/08\/10\/curso-online-icra\/\",\"name\":\"Curso online ICRA | Asoc. Arg. de Logopedia, Foniatr\\u00eda y Audiolog\\u00eda\",\"isPartOf\":{\"@id\":\"https:\/\/www.asalfa.org.ar\/web\/#website\"},\"primaryImageOfPage\":{\"@id\":\"https:\/\/www.asalfa.org.ar\/web\/2021\/08\/10\/curso-online-icra\/#primaryimage\"},\"datePublished\":\"2021-08-10T15:15:29+00:00\",\"dateModified\":\"2026-01-13T21:23:45+00:00\",\"description\":\"El M\\u00e9todo ICRA,\\u00a0Investigaci\\u00f3n de la Competencia Comunicativa para la Realizaci\\u00f3n de Actos de Habla\\u00a0(Abraham y Brenca) es un abordaje te\\u00f3rico-cl\\u00ednico del aspecto pragm\\u00e1tico del lenguaje. Conoc\\u00e9 m\\u00e1s, con el curso introductorio al M\\u00e9todo ICRA y a la Bater\\u00eda ICRA-A.\",\"breadcrumb\":{\"@id\":\"https:\/\/www.asalfa.org.ar\/web\/2021\/08\/10\/curso-online-icra\/#breadcrumb\"},\"inLanguage\":\"es-AR\",\"potentialAction\":[{\"@type\":\"ReadAction\",\"target\":[\"https:\/\/www.asalfa.org.ar\/web\/2021\/08\/10\/curso-online-icra\/\"]}]},{\"@type\":\"BreadcrumbList\",\"@id\":\"https:\/\/www.asalfa.org.ar\/web\/2021\/08\/10\/curso-online-icra\/#breadcrumb\",\"itemListElement\":[{\"@type\":\"ListItem\",\"position\":1,\"name\":\"Inicio\",\"item\":\"https:\/\/www.asalfa.org.ar\/web\/\"},{\"@type\":\"ListItem\",\"position\":2,\"name\":\"Curso online ICRA\"}]},{\"@type\":\"Article\",\"@id\":\"https:\/\/www.asalfa.org.ar\/web\/2021\/08\/10\/curso-online-icra\/#article\",\"isPartOf\":{\"@id\":\"https:\/\/www.asalfa.org.ar\/web\/2021\/08\/10\/curso-online-icra\/#webpage\"},\"author\":{\"@id\":\"https:\/\/www.asalfa.org.ar\/web\/#\/schema\/person\/625f84604dfba1ef4091e2d3526bb70f\"},\"headline\":\"Curso online ICRA\",\"datePublished\":\"2021-08-10T15:15:29+00:00\",\"dateModified\":\"2026-01-13T21:23:45+00:00\",\"mainEntityOfPage\":{\"@id\":\"https:\/\/www.asalfa.org.ar\/web\/2021\/08\/10\/curso-online-icra\/#webpage\"},\"wordCount\":79,\"publisher\":{\"@id\":\"https:\/\/www.asalfa.org.ar\/web\/#organization\"},\"image\":{\"@id\":\"https:\/\/www.asalfa.org.ar\/web\/2021\/08\/10\/curso-online-icra\/#primaryimage\"},\"thumbnailUrl\":\"http:\/\/www.asalfa.org.ar\/web\/wp-content\/uploads\/2021\/08\/22.jpg\",\"keywords\":[\"habla\",\"ICRA\",\"metodoicra\"],\"articleSection\":[\"Cursos Zoom\"],\"inLanguage\":\"es-AR\"},{\"@type\":\"Person\",\"@id\":\"https:\/\/www.asalfa.org.ar\/web\/#\/schema\/person\/625f84604dfba1ef4091e2d3526bb70f\",\"name\":\"ASALFA Admin\",\"image\":{\"@type\":\"ImageObject\",\"@id\":\"https:\/\/www.asalfa.org.ar\/web\/#personlogo\",\"inLanguage\":\"es-AR\",\"url\":\"http:\/\/2.gravatar.com\/avatar\/bbcea11de129e1ed1241b23770da0727?s=96&d=mm&r=g\",\"contentUrl\":\"http:\/\/2.gravatar.com\/avatar\/bbcea11de129e1ed1241b23770da0727?s=96&d=mm&r=g\",\"caption\":\"ASALFA Admin\"},\"url\":\"http:\/\/www.asalfa.org.ar\/web\/author\/asalfaadmin\/\"}]}<\/script>\n<!-- \/ Yoast SEO plugin. -->","yoast_head_json":{"title":"Curso online ICRA | Asoc. Arg. de Logopedia, Foniatr\u00eda y Audiolog\u00eda","description":"El M\u00e9todo ICRA,\u00a0Investigaci\u00f3n de la Competencia Comunicativa para la Realizaci\u00f3n de Actos de Habla\u00a0(Abraham y Brenca) es un abordaje te\u00f3rico-cl\u00ednico del aspecto pragm\u00e1tico del lenguaje. Conoc\u00e9 m\u00e1s, con el curso introductorio al M\u00e9todo ICRA y a la Bater\u00eda ICRA-A.","robots":{"index":"index","follow":"follow","max-snippet":"max-snippet:-1","max-image-preview":"max-image-preview:large","max-video-preview":"max-video-preview:-1"},"canonical":"https:\/\/www.asalfa.org.ar\/web\/2021\/08\/10\/curso-online-icra\/","og_locale":"es_ES","og_type":"article","og_title":"Curso online ICRA | Asoc. Arg. de Logopedia, Foniatr\u00eda y Audiolog\u00eda","og_description":"El M\u00e9todo ICRA,\u00a0Investigaci\u00f3n de la Competencia Comunicativa para la Realizaci\u00f3n de Actos de Habla\u00a0(Abraham y Brenca) es un abordaje te\u00f3rico-cl\u00ednico del aspecto pragm\u00e1tico del lenguaje. Conoc\u00e9 m\u00e1s, con el curso introductorio al M\u00e9todo ICRA y a la Bater\u00eda ICRA-A.","og_url":"https:\/\/www.asalfa.org.ar\/web\/2021\/08\/10\/curso-online-icra\/","og_site_name":"Asoc. Arg. de Logopedia, Foniatr\u00eda y Audiolog\u00eda","article_publisher":"https:\/\/www.facebook.com\/asalfa.web","article_published_time":"2021-08-10T15:15:29+00:00","article_modified_time":"2026-01-13T21:23:45+00:00","og_image":[{"width":1080,"height":1080,"url":"http:\/\/www.asalfa.org.ar\/web\/wp-content\/uploads\/2021\/08\/22.jpg","path":"\/home\/laura\/public_html\/web\/wp-content\/uploads\/2021\/08\/22.jpg","size":"full","id":1348,"alt":"","pixels":1166400,"type":"image\/jpeg"}],"twitter_card":"summary_large_image","twitter_misc":{"Escrito por":"ASALFA Admin","Tiempo de lectura":"1 minuto"},"schema":{"@context":"https:\/\/schema.org","@graph":[{"@type":"Organization","@id":"https:\/\/www.asalfa.org.ar\/web\/#organization","name":"ASALFA","url":"https:\/\/www.asalfa.org.ar\/web\/","sameAs":["https:\/\/www.facebook.com\/asalfa.web","https:\/\/www.instagram.com\/asalfa.fono\/","https:\/\/www.youtube.com\/channel\/UCViRiKssMnG1fvSb5yMV_Gw"],"logo":{"@type":"ImageObject","@id":"https:\/\/www.asalfa.org.ar\/web\/#logo","inLanguage":"es-AR","url":"https:\/\/www.asalfa.org.ar\/web\/wp-content\/uploads\/2021\/07\/LogoASALFAdesde1948-1.png","contentUrl":"https:\/\/www.asalfa.org.ar\/web\/wp-content\/uploads\/2021\/07\/LogoASALFAdesde1948-1.png","width":249,"height":65,"caption":"ASALFA"},"image":{"@id":"https:\/\/www.asalfa.org.ar\/web\/#logo"}},{"@type":"WebSite","@id":"https:\/\/www.asalfa.org.ar\/web\/#website","url":"https:\/\/www.asalfa.org.ar\/web\/","name":"ASALFA","description":"Fonoaudiolog\u00eda","publisher":{"@id":"https:\/\/www.asalfa.org.ar\/web\/#organization"},"potentialAction":[{"@type":"SearchAction","target":{"@type":"EntryPoint","urlTemplate":"https:\/\/www.asalfa.org.ar\/web\/?s={search_term_string}"},"query-input":"required name=search_term_string"}],"inLanguage":"es-AR"},{"@type":"WebPage","@id":"https:\/\/www.asalfa.org.ar\/web\/2021\/08\/10\/curso-online-icra\/#webpage","url":"https:\/\/www.asalfa.org.ar\/web\/2021\/08\/10\/curso-online-icra\/","name":"Curso online ICRA | Asoc. Arg. de Logopedia, Foniatr\u00eda y Audiolog\u00eda","isPartOf":{"@id":"https:\/\/www.asalfa.org.ar\/web\/#website"},"primaryImageOfPage":{"@id":"https:\/\/www.asalfa.org.ar\/web\/2021\/08\/10\/curso-online-icra\/#primaryimage"},"datePublished":"2021-08-10T15:15:29+00:00","dateModified":"2026-01-13T21:23:45+00:00","description":"El M\u00e9todo ICRA,\u00a0Investigaci\u00f3n de la Competencia Comunicativa para la Realizaci\u00f3n de Actos de Habla\u00a0(Abraham y Brenca) es un abordaje te\u00f3rico-cl\u00ednico del aspecto pragm\u00e1tico del lenguaje. Conoc\u00e9 m\u00e1s, con el curso introductorio al M\u00e9todo ICRA y a la Bater\u00eda ICRA-A.","breadcrumb":{"@id":"https:\/\/www.asalfa.org.ar\/web\/2021\/08\/10\/curso-online-icra\/#breadcrumb"},"inLanguage":"es-AR","potentialAction":[{"@type":"ReadAction","target":["https:\/\/www.asalfa.org.ar\/web\/2021\/08\/10\/curso-online-icra\/"]}]},{"@type":"BreadcrumbList","@id":"https:\/\/www.asalfa.org.ar\/web\/2021\/08\/10\/curso-online-icra\/#breadcrumb","itemListElement":[{"@type":"ListItem","position":1,"name":"Inicio","item":"https:\/\/www.asalfa.org.ar\/web\/"},{"@type":"ListItem","position":2,"name":"Curso online ICRA"}]},{"@type":"Article","@id":"https:\/\/www.asalfa.org.ar\/web\/2021\/08\/10\/curso-online-icra\/#article","isPartOf":{"@id":"https:\/\/www.asalfa.org.ar\/web\/2021\/08\/10\/curso-online-icra\/#webpage"},"author":{"@id":"https:\/\/www.asalfa.org.ar\/web\/#\/schema\/person\/625f84604dfba1ef4091e2d3526bb70f"},"headline":"Curso online ICRA","datePublished":"2021-08-10T15:15:29+00:00","dateModified":"2026-01-13T21:23:45+00:00","mainEntityOfPage":{"@id":"https:\/\/www.asalfa.org.ar\/web\/2021\/08\/10\/curso-online-icra\/#webpage"},"wordCount":79,"publisher":{"@id":"https:\/\/www.asalfa.org.ar\/web\/#organization"},"image":{"@id":"https:\/\/www.asalfa.org.ar\/web\/2021\/08\/10\/curso-online-icra\/#primaryimage"},"thumbnailUrl":"http:\/\/www.asalfa.org.ar\/web\/wp-content\/uploads\/2021\/08\/22.jpg","keywords":["habla","ICRA","metodoicra"],"articleSection":["Cursos Zoom"],"inLanguage":"es-AR"},{"@type":"Person","@id":"https:\/\/www.asalfa.org.ar\/web\/#\/schema\/person\/625f84604dfba1ef4091e2d3526bb70f","name":"ASALFA Admin","image":{"@type":"ImageObject","@id":"https:\/\/www.asalfa.org.ar\/web\/#personlogo","inLanguage":"es-AR","url":"http:\/\/2.gravatar.com\/avatar\/bbcea11de129e1ed1241b23770da0727?s=96&d=mm&r=g","contentUrl":"http:\/\/2.gravatar.com\/avatar\/bbcea11de129e1ed1241b23770da0727?s=96&d=mm&r=g","caption":"ASALFA Admin"},"url":"http:\/\/www.asalfa.org.ar\/web\/author\/asalfaadmin\/"}]}},"_links":{"self":[{"href":"http:\/\/www.asalfa.org.ar\/web\/wp-json\/wp\/v2\/posts\/1347"}],"collection":[{"href":"http:\/\/www.asalfa.org.ar\/web\/wp-json\/wp\/v2\/posts"}],"about":[{"href":"http:\/\/www.asalfa.org.ar\/web\/wp-json\/wp\/v2\/types\/post"}],"author":[{"embeddable":true,"href":"http:\/\/www.asalfa.org.ar\/web\/wp-json\/wp\/v2\/users\/2"}],"replies":[{"embeddable":true,"href":"http:\/\/www.asalfa.org.ar\/web\/wp-json\/wp\/v2\/comments?post=1347"}],"version-history":[{"count":7,"href":"http:\/\/www.asalfa.org.ar\/web\/wp-json\/wp\/v2\/posts\/1347\/revisions"}],"predecessor-version":[{"id":1376,"href":"http:\/\/www.asalfa.org.ar\/web\/wp-json\/wp\/v2\/posts\/1347\/revisions\/1376"}],"wp:featuredmedia":[{"embeddable":true,"href":"http:\/\/www.asalfa.org.ar\/web\/wp-json\/wp\/v2\/media\/1348"}],"wp:attachment":[{"href":"http:\/\/www.asalfa.org.ar\/web\/wp-json\/wp\/v2\/media?parent=1347"}],"wp:term":[{"taxonomy":"category","embeddable":true,"href":"http:\/\/www.asalfa.org.ar\/web\/wp-json\/wp\/v2\/categories?post=1347"},{"taxonomy":"post_tag","embeddable":true,"href":"http:\/\/www.asalfa.org.ar\/web\/wp-json\/wp\/v2\/tags?post=1347"}],"curies":[{"name":"wp","href":"https:\/\/api.w.org\/{rel}","templated":true}]}}