{"id":2592,"date":"2024-05-22T12:27:12","date_gmt":"2024-05-22T15:27:12","guid":{"rendered":"https:\/\/www.asalfa.org.ar\/web\/?p=2592"},"modified":"2026-01-13T18:22:52","modified_gmt":"2026-01-13T21:22:52","slug":"modulo-3-audiologia","status":"publish","type":"post","link":"http:\/\/www.asalfa.org.ar\/web\/2024\/05\/22\/modulo-3-audiologia\/","title":{"rendered":"M\u00f3dulo 3 &#8211; Audiolog\u00eda"},"content":{"rendered":"<div class=\"xdj266r x11i5rnm xat24cr x1mh8g0r x1vvkbs x126k92a\">\n<div dir=\"auto\">Abierta la inscripci\u00f3n para el m\u00f3dulo 3 del curso anual de Actualizaci\u00f3n en Audiolog\u00eda.<\/div>\n<div dir=\"auto\">Diagn\u00f3stico audiol\u00f3gico diferencial &#8211; Jueves 06\/06\/24 19:00 hs (ARG) a trav\u00e9s de Zoom.<\/div>\n<div dir=\"auto\"><\/div>\n<div dir=\"auto\">Docente: Dr. Vicente Curcio<\/div>\n<div dir=\"auto\">Director de la Especializaci\u00f3n en Audiolog\u00eda de la UMSA (Universidad del Museo Social Argentino). Jefe del \u00c1rea de Audiolog\u00eda Electrofisiol\u00f3gica en CIAC ex F.L.E.N.I.<\/div>\n<div dir=\"auto\">Profesor Titular de Grado en la c\u00e1tedra Audiolog\u00eda Electrofisiol\u00f3gica<\/div>\n<div dir=\"auto\">de la carrera de Licenciatura en Fonoaudiolog\u00eda (UMSA).<\/div>\n<div dir=\"auto\">Profesor Titular de Posgrado. Docente de la c\u00e1tedra de M\u00e9todos de Evaluaci\u00f3n<\/div>\n<div dir=\"auto\">Audiol\u00f3gica Objetiva en la Especializaci\u00f3n en Audiolog\u00eda (UMSA).<\/div>\n<\/div>\n<div class=\"x11i5rnm xat24cr x1mh8g0r x1vvkbs xtlvy1s x126k92a\">\n<div dir=\"auto\"><\/div>\n<div dir=\"auto\">Aranceles por m\u00f3dulo: Socias\/os con cuota al d\u00eda $16.000 \/ No Socios $32.000 \/ Extranjeros USD 45<\/div>\n<div dir=\"auto\">Inscripci\u00f3n:\u00a0<a href=\"https:\/\/forms.gle\/vgPtUUxSvS25oa9z9\">https:\/\/forms.gle\/vgPtUUxSvS25oa9z9<\/a><\/div>\n<\/div>\n","protected":false},"excerpt":{"rendered":"<p>Abierta la inscripci\u00f3n para el m\u00f3dulo 3 del curso anual de Actualizaci\u00f3n en Audiolog\u00eda. Diagn\u00f3stico audiol\u00f3gico diferencial &#8211; Jueves 06\/06\/24 19:00 hs (ARG) a trav\u00e9s de Zoom. Docente: Dr. Vicente Curcio Director de la Especializaci\u00f3n en Audiolog\u00eda de la UMSA (Universidad del Museo Social Argentino). Jefe del \u00c1rea de Audiolog\u00eda Electrofisiol\u00f3gica en CIAC ex F.L.E.N.I.&hellip;<\/p>\n","protected":false},"author":2,"featured_media":2593,"comment_status":"closed","ping_status":"open","sticky":false,"template":"","format":"standard","meta":{"cybocfi_hide_featured_image":"yes"},"categories":[154],"tags":[],"yoast_head":"<!-- This site is optimized with the Yoast SEO plugin v16.8 - https:\/\/yoast.com\/wordpress\/plugins\/seo\/ -->\n<title>M\u00f3dulo 3 - Audiolog\u00eda | Asoc. Arg. de Logopedia, Foniatr\u00eda y Audiolog\u00eda<\/title>\n<meta name=\"description\" content=\"Diagn\u00f3stico audiol\u00f3gico diferencial - Jueves 06\/06\/24 19:00 hs (ARG) a trav\u00e9s de Zoom. Docente: Dr. Vicente Curcio.\" \/>\n<meta name=\"robots\" content=\"index, follow, max-snippet:-1, max-image-preview:large, max-video-preview:-1\" \/>\n<link rel=\"canonical\" href=\"https:\/\/www.asalfa.org.ar\/web\/2024\/05\/22\/modulo-3-audiologia\/\" \/>\n<meta property=\"og:locale\" content=\"es_ES\" \/>\n<meta property=\"og:type\" content=\"article\" \/>\n<meta property=\"og:title\" content=\"M\u00f3dulo 3 - Audiolog\u00eda | Asoc. Arg. de Logopedia, Foniatr\u00eda y Audiolog\u00eda\" \/>\n<meta property=\"og:description\" content=\"Diagn\u00f3stico audiol\u00f3gico diferencial - Jueves 06\/06\/24 19:00 hs (ARG) a trav\u00e9s de Zoom. Docente: Dr. Vicente Curcio.\" \/>\n<meta property=\"og:url\" content=\"https:\/\/www.asalfa.org.ar\/web\/2024\/05\/22\/modulo-3-audiologia\/\" \/>\n<meta property=\"og:site_name\" content=\"Asoc. Arg. de Logopedia, Foniatr\u00eda y Audiolog\u00eda\" \/>\n<meta property=\"article:publisher\" content=\"https:\/\/www.facebook.com\/asalfa.web\" \/>\n<meta property=\"article:published_time\" content=\"2024-05-22T15:27:12+00:00\" \/>\n<meta property=\"article:modified_time\" content=\"2026-01-13T21:22:52+00:00\" \/>\n<meta property=\"og:image\" content=\"http:\/\/www.asalfa.org.ar\/web\/wp-content\/uploads\/2024\/05\/Curso-a-distancia-2024-2.jpg\" \/>\n\t<meta property=\"og:image:width\" content=\"1080\" \/>\n\t<meta property=\"og:image:height\" content=\"1080\" \/>\n<meta name=\"twitter:card\" content=\"summary_large_image\" \/>\n<meta name=\"twitter:label1\" content=\"Escrito por\" \/>\n\t<meta name=\"twitter:data1\" content=\"ASALFA Admin\" \/>\n\t<meta name=\"twitter:label2\" content=\"Tiempo de lectura\" \/>\n\t<meta name=\"twitter:data2\" content=\"1 minuto\" \/>\n<script type=\"application\/ld+json\" class=\"yoast-schema-graph\">{\"@context\":\"https:\/\/schema.org\",\"@graph\":[{\"@type\":\"Organization\",\"@id\":\"http:\/\/www.asalfa.org.ar\/web\/#organization\",\"name\":\"ASALFA\",\"url\":\"http:\/\/www.asalfa.org.ar\/web\/\",\"sameAs\":[\"https:\/\/www.facebook.com\/asalfa.web\",\"https:\/\/www.instagram.com\/asalfa.fono\/\",\"https:\/\/www.youtube.com\/channel\/UCViRiKssMnG1fvSb5yMV_Gw\"],\"logo\":{\"@type\":\"ImageObject\",\"@id\":\"http:\/\/www.asalfa.org.ar\/web\/#logo\",\"inLanguage\":\"es-AR\",\"url\":\"https:\/\/www.asalfa.org.ar\/web\/wp-content\/uploads\/2021\/07\/LogoASALFAdesde1948-1.png\",\"contentUrl\":\"https:\/\/www.asalfa.org.ar\/web\/wp-content\/uploads\/2021\/07\/LogoASALFAdesde1948-1.png\",\"width\":249,\"height\":65,\"caption\":\"ASALFA\"},\"image\":{\"@id\":\"http:\/\/www.asalfa.org.ar\/web\/#logo\"}},{\"@type\":\"WebSite\",\"@id\":\"http:\/\/www.asalfa.org.ar\/web\/#website\",\"url\":\"http:\/\/www.asalfa.org.ar\/web\/\",\"name\":\"ASALFA\",\"description\":\"Fonoaudiolog\\u00eda\",\"publisher\":{\"@id\":\"http:\/\/www.asalfa.org.ar\/web\/#organization\"},\"potentialAction\":[{\"@type\":\"SearchAction\",\"target\":{\"@type\":\"EntryPoint\",\"urlTemplate\":\"http:\/\/www.asalfa.org.ar\/web\/?s={search_term_string}\"},\"query-input\":\"required name=search_term_string\"}],\"inLanguage\":\"es-AR\"},{\"@type\":\"WebPage\",\"@id\":\"https:\/\/www.asalfa.org.ar\/web\/2024\/05\/22\/modulo-3-audiologia\/#webpage\",\"url\":\"https:\/\/www.asalfa.org.ar\/web\/2024\/05\/22\/modulo-3-audiologia\/\",\"name\":\"M\\u00f3dulo 3 - Audiolog\\u00eda | Asoc. Arg. de Logopedia, Foniatr\\u00eda y Audiolog\\u00eda\",\"isPartOf\":{\"@id\":\"http:\/\/www.asalfa.org.ar\/web\/#website\"},\"primaryImageOfPage\":{\"@id\":\"https:\/\/www.asalfa.org.ar\/web\/2024\/05\/22\/modulo-3-audiologia\/#primaryimage\"},\"datePublished\":\"2024-05-22T15:27:12+00:00\",\"dateModified\":\"2026-01-13T21:22:52+00:00\",\"description\":\"Diagn\\u00f3stico audiol\\u00f3gico diferencial - Jueves 06\/06\/24 19:00 hs (ARG) a trav\\u00e9s de Zoom. Docente: Dr. Vicente Curcio.\",\"breadcrumb\":{\"@id\":\"https:\/\/www.asalfa.org.ar\/web\/2024\/05\/22\/modulo-3-audiologia\/#breadcrumb\"},\"inLanguage\":\"es-AR\",\"potentialAction\":[{\"@type\":\"ReadAction\",\"target\":[\"https:\/\/www.asalfa.org.ar\/web\/2024\/05\/22\/modulo-3-audiologia\/\"]}]},{\"@type\":\"BreadcrumbList\",\"@id\":\"https:\/\/www.asalfa.org.ar\/web\/2024\/05\/22\/modulo-3-audiologia\/#breadcrumb\",\"itemListElement\":[{\"@type\":\"ListItem\",\"position\":1,\"name\":\"Inicio\",\"item\":\"http:\/\/www.asalfa.org.ar\/web\/\"},{\"@type\":\"ListItem\",\"position\":2,\"name\":\"M\\u00f3dulo 3 &#8211; Audiolog\\u00eda\"}]},{\"@type\":\"Article\",\"@id\":\"https:\/\/www.asalfa.org.ar\/web\/2024\/05\/22\/modulo-3-audiologia\/#article\",\"isPartOf\":{\"@id\":\"https:\/\/www.asalfa.org.ar\/web\/2024\/05\/22\/modulo-3-audiologia\/#webpage\"},\"author\":{\"@id\":\"http:\/\/www.asalfa.org.ar\/web\/#\/schema\/person\/625f84604dfba1ef4091e2d3526bb70f\"},\"headline\":\"M\\u00f3dulo 3 &#8211; Audiolog\\u00eda\",\"datePublished\":\"2024-05-22T15:27:12+00:00\",\"dateModified\":\"2026-01-13T21:22:52+00:00\",\"mainEntityOfPage\":{\"@id\":\"https:\/\/www.asalfa.org.ar\/web\/2024\/05\/22\/modulo-3-audiologia\/#webpage\"},\"wordCount\":142,\"publisher\":{\"@id\":\"http:\/\/www.asalfa.org.ar\/web\/#organization\"},\"image\":{\"@id\":\"https:\/\/www.asalfa.org.ar\/web\/2024\/05\/22\/modulo-3-audiologia\/#primaryimage\"},\"thumbnailUrl\":\"http:\/\/www.asalfa.org.ar\/web\/wp-content\/uploads\/2024\/05\/Curso-a-distancia-2024-2.jpg\",\"articleSection\":[\"Cursos Zoom\"],\"inLanguage\":\"es-AR\"},{\"@type\":\"Person\",\"@id\":\"http:\/\/www.asalfa.org.ar\/web\/#\/schema\/person\/625f84604dfba1ef4091e2d3526bb70f\",\"name\":\"ASALFA Admin\",\"image\":{\"@type\":\"ImageObject\",\"@id\":\"http:\/\/www.asalfa.org.ar\/web\/#personlogo\",\"inLanguage\":\"es-AR\",\"url\":\"http:\/\/2.gravatar.com\/avatar\/bbcea11de129e1ed1241b23770da0727?s=96&d=mm&r=g\",\"contentUrl\":\"http:\/\/2.gravatar.com\/avatar\/bbcea11de129e1ed1241b23770da0727?s=96&d=mm&r=g\",\"caption\":\"ASALFA Admin\"},\"url\":\"http:\/\/www.asalfa.org.ar\/web\/author\/asalfaadmin\/\"}]}<\/script>\n<!-- \/ Yoast SEO plugin. -->","yoast_head_json":{"title":"M\u00f3dulo 3 - Audiolog\u00eda | Asoc. Arg. de Logopedia, Foniatr\u00eda y Audiolog\u00eda","description":"Diagn\u00f3stico audiol\u00f3gico diferencial - Jueves 06\/06\/24 19:00 hs (ARG) a trav\u00e9s de Zoom. Docente: Dr. Vicente Curcio.","robots":{"index":"index","follow":"follow","max-snippet":"max-snippet:-1","max-image-preview":"max-image-preview:large","max-video-preview":"max-video-preview:-1"},"canonical":"https:\/\/www.asalfa.org.ar\/web\/2024\/05\/22\/modulo-3-audiologia\/","og_locale":"es_ES","og_type":"article","og_title":"M\u00f3dulo 3 - Audiolog\u00eda | Asoc. Arg. de Logopedia, Foniatr\u00eda y Audiolog\u00eda","og_description":"Diagn\u00f3stico audiol\u00f3gico diferencial - Jueves 06\/06\/24 19:00 hs (ARG) a trav\u00e9s de Zoom. Docente: Dr. Vicente Curcio.","og_url":"https:\/\/www.asalfa.org.ar\/web\/2024\/05\/22\/modulo-3-audiologia\/","og_site_name":"Asoc. Arg. de Logopedia, Foniatr\u00eda y Audiolog\u00eda","article_publisher":"https:\/\/www.facebook.com\/asalfa.web","article_published_time":"2024-05-22T15:27:12+00:00","article_modified_time":"2026-01-13T21:22:52+00:00","og_image":[{"width":1080,"height":1080,"url":"http:\/\/www.asalfa.org.ar\/web\/wp-content\/uploads\/2024\/05\/Curso-a-distancia-2024-2.jpg","path":"\/home\/laura\/public_html\/web\/wp-content\/uploads\/2024\/05\/Curso-a-distancia-2024-2.jpg","size":"full","id":2593,"alt":"","pixels":1166400,"type":"image\/jpeg"}],"twitter_card":"summary_large_image","twitter_misc":{"Escrito por":"ASALFA Admin","Tiempo de lectura":"1 minuto"},"schema":{"@context":"https:\/\/schema.org","@graph":[{"@type":"Organization","@id":"http:\/\/www.asalfa.org.ar\/web\/#organization","name":"ASALFA","url":"http:\/\/www.asalfa.org.ar\/web\/","sameAs":["https:\/\/www.facebook.com\/asalfa.web","https:\/\/www.instagram.com\/asalfa.fono\/","https:\/\/www.youtube.com\/channel\/UCViRiKssMnG1fvSb5yMV_Gw"],"logo":{"@type":"ImageObject","@id":"http:\/\/www.asalfa.org.ar\/web\/#logo","inLanguage":"es-AR","url":"https:\/\/www.asalfa.org.ar\/web\/wp-content\/uploads\/2021\/07\/LogoASALFAdesde1948-1.png","contentUrl":"https:\/\/www.asalfa.org.ar\/web\/wp-content\/uploads\/2021\/07\/LogoASALFAdesde1948-1.png","width":249,"height":65,"caption":"ASALFA"},"image":{"@id":"http:\/\/www.asalfa.org.ar\/web\/#logo"}},{"@type":"WebSite","@id":"http:\/\/www.asalfa.org.ar\/web\/#website","url":"http:\/\/www.asalfa.org.ar\/web\/","name":"ASALFA","description":"Fonoaudiolog\u00eda","publisher":{"@id":"http:\/\/www.asalfa.org.ar\/web\/#organization"},"potentialAction":[{"@type":"SearchAction","target":{"@type":"EntryPoint","urlTemplate":"http:\/\/www.asalfa.org.ar\/web\/?s={search_term_string}"},"query-input":"required name=search_term_string"}],"inLanguage":"es-AR"},{"@type":"WebPage","@id":"https:\/\/www.asalfa.org.ar\/web\/2024\/05\/22\/modulo-3-audiologia\/#webpage","url":"https:\/\/www.asalfa.org.ar\/web\/2024\/05\/22\/modulo-3-audiologia\/","name":"M\u00f3dulo 3 - Audiolog\u00eda | Asoc. Arg. de Logopedia, Foniatr\u00eda y Audiolog\u00eda","isPartOf":{"@id":"http:\/\/www.asalfa.org.ar\/web\/#website"},"primaryImageOfPage":{"@id":"https:\/\/www.asalfa.org.ar\/web\/2024\/05\/22\/modulo-3-audiologia\/#primaryimage"},"datePublished":"2024-05-22T15:27:12+00:00","dateModified":"2026-01-13T21:22:52+00:00","description":"Diagn\u00f3stico audiol\u00f3gico diferencial - Jueves 06\/06\/24 19:00 hs (ARG) a trav\u00e9s de Zoom. Docente: Dr. Vicente Curcio.","breadcrumb":{"@id":"https:\/\/www.asalfa.org.ar\/web\/2024\/05\/22\/modulo-3-audiologia\/#breadcrumb"},"inLanguage":"es-AR","potentialAction":[{"@type":"ReadAction","target":["https:\/\/www.asalfa.org.ar\/web\/2024\/05\/22\/modulo-3-audiologia\/"]}]},{"@type":"BreadcrumbList","@id":"https:\/\/www.asalfa.org.ar\/web\/2024\/05\/22\/modulo-3-audiologia\/#breadcrumb","itemListElement":[{"@type":"ListItem","position":1,"name":"Inicio","item":"http:\/\/www.asalfa.org.ar\/web\/"},{"@type":"ListItem","position":2,"name":"M\u00f3dulo 3 &#8211; Audiolog\u00eda"}]},{"@type":"Article","@id":"https:\/\/www.asalfa.org.ar\/web\/2024\/05\/22\/modulo-3-audiologia\/#article","isPartOf":{"@id":"https:\/\/www.asalfa.org.ar\/web\/2024\/05\/22\/modulo-3-audiologia\/#webpage"},"author":{"@id":"http:\/\/www.asalfa.org.ar\/web\/#\/schema\/person\/625f84604dfba1ef4091e2d3526bb70f"},"headline":"M\u00f3dulo 3 &#8211; Audiolog\u00eda","datePublished":"2024-05-22T15:27:12+00:00","dateModified":"2026-01-13T21:22:52+00:00","mainEntityOfPage":{"@id":"https:\/\/www.asalfa.org.ar\/web\/2024\/05\/22\/modulo-3-audiologia\/#webpage"},"wordCount":142,"publisher":{"@id":"http:\/\/www.asalfa.org.ar\/web\/#organization"},"image":{"@id":"https:\/\/www.asalfa.org.ar\/web\/2024\/05\/22\/modulo-3-audiologia\/#primaryimage"},"thumbnailUrl":"http:\/\/www.asalfa.org.ar\/web\/wp-content\/uploads\/2024\/05\/Curso-a-distancia-2024-2.jpg","articleSection":["Cursos Zoom"],"inLanguage":"es-AR"},{"@type":"Person","@id":"http:\/\/www.asalfa.org.ar\/web\/#\/schema\/person\/625f84604dfba1ef4091e2d3526bb70f","name":"ASALFA Admin","image":{"@type":"ImageObject","@id":"http:\/\/www.asalfa.org.ar\/web\/#personlogo","inLanguage":"es-AR","url":"http:\/\/2.gravatar.com\/avatar\/bbcea11de129e1ed1241b23770da0727?s=96&d=mm&r=g","contentUrl":"http:\/\/2.gravatar.com\/avatar\/bbcea11de129e1ed1241b23770da0727?s=96&d=mm&r=g","caption":"ASALFA Admin"},"url":"http:\/\/www.asalfa.org.ar\/web\/author\/asalfaadmin\/"}]}},"_links":{"self":[{"href":"http:\/\/www.asalfa.org.ar\/web\/wp-json\/wp\/v2\/posts\/2592"}],"collection":[{"href":"http:\/\/www.asalfa.org.ar\/web\/wp-json\/wp\/v2\/posts"}],"about":[{"href":"http:\/\/www.asalfa.org.ar\/web\/wp-json\/wp\/v2\/types\/post"}],"author":[{"embeddable":true,"href":"http:\/\/www.asalfa.org.ar\/web\/wp-json\/wp\/v2\/users\/2"}],"replies":[{"embeddable":true,"href":"http:\/\/www.asalfa.org.ar\/web\/wp-json\/wp\/v2\/comments?post=2592"}],"version-history":[{"count":2,"href":"http:\/\/www.asalfa.org.ar\/web\/wp-json\/wp\/v2\/posts\/2592\/revisions"}],"predecessor-version":[{"id":2608,"href":"http:\/\/www.asalfa.org.ar\/web\/wp-json\/wp\/v2\/posts\/2592\/revisions\/2608"}],"wp:featuredmedia":[{"embeddable":true,"href":"http:\/\/www.asalfa.org.ar\/web\/wp-json\/wp\/v2\/media\/2593"}],"wp:attachment":[{"href":"http:\/\/www.asalfa.org.ar\/web\/wp-json\/wp\/v2\/media?parent=2592"}],"wp:term":[{"taxonomy":"category","embeddable":true,"href":"http:\/\/www.asalfa.org.ar\/web\/wp-json\/wp\/v2\/categories?post=2592"},{"taxonomy":"post_tag","embeddable":true,"href":"http:\/\/www.asalfa.org.ar\/web\/wp-json\/wp\/v2\/tags?post=2592"}],"curies":[{"name":"wp","href":"https:\/\/api.w.org\/{rel}","templated":true}]}}