{"id":2595,"date":"2024-06-05T17:52:17","date_gmt":"2024-06-05T20:52:17","guid":{"rendered":"https:\/\/www.asalfa.org.ar\/web\/?p=2595"},"modified":"2026-01-13T18:22:51","modified_gmt":"2026-01-13T21:22:51","slug":"taller-vocal","status":"publish","type":"post","link":"http:\/\/www.asalfa.org.ar\/web\/2024\/06\/05\/taller-vocal\/","title":{"rendered":"Taller vocal"},"content":{"rendered":"<div class=\"_df_book df-container df-loading \" id=\"df_2599\"  title=\"taller-vocal\" wpoptions=\"true\" thumbtype=\"bg\" ><\/div><script data-cfasync=\"false\">var option_df_2599 = {\"outline\":[],\"forceFit\":\"true\",\"autoEnableOutline\":\"false\",\"autoEnableThumbnail\":\"false\",\"overwritePDFOutline\":\"false\",\"direction\":\"1\",\"pageMode\":\"0\",\"source\":\"http:\\\/\\\/www.asalfa.org.ar\\\/web\\\/wp-content\\\/uploads\\\/2022\\\/03\\\/Taller-Entrenamiento-fisiologico-de-la-voz-1.pdf\",\"wpOptions\":\"true\"}; if(window.DFLIP && DFLIP.parseBooks){DFLIP.parseBooks();}<\/script>\n<p>TALLER TE\u00d3RICO-PR\u00c1CTICO: ENTRENAMIENTO FISIOL\u00d3GICO DE LA VOZ<\/p>\n<p>Inscripci\u00f3n:\u00a0<a href=\"https:\/\/forms.gle\/5JBzfejuPH2H7fjC6\">https:\/\/forms.gle\/5JBzfejuPH2H7fjC6<\/a><\/p>\n<p>DESTINATARIOS: Fonoaudi\u00f3logas\/os universitarios, Licenciadas\/os y Doctores en Fonoaudiolog\u00eda, Estudiantes avanzados de la Carrera universitaria de Licenciatura en Fonoaudiolog\u00eda.<br \/>\nProfesores de canto.<\/p>\n<p>MODALIDAD: Encuentro en vivo a trav\u00e9s de videoconferencia ZOOM. La clase no ser\u00e1 grabada. Se entregar\u00e1 material respaldatorio.<\/p>\n<p>La propuesta de formaci\u00f3n tiene como objetivos principales:<br \/>\n\u25cf Reconocer conceptos b\u00e1sicos de la anatom\u00eda y fisiolog\u00eda del aparato fonador, aplicados al entrenamiento vocal.<br \/>\n\u25cf Desarrollar un pensamiento cr\u00edtico y reflexivo al momento de la producci\u00f3n de ejercicios de entrenamiento para la habilitaci\u00f3n vocal.<br \/>\n\u25cf Identificar las sensaciones propioceptivas generadas por la ejercitaci\u00f3n propuesta\/creada.<br \/>\n\u25cf Proponer un vocabulario com\u00fan entre las profesiones que abordan el entrenamiento vocal.<\/p>\n<p>DESARROLLO DE LA CLASE:<br \/>\n\u2022 Fisiolog\u00eda Vocal. Mecanismos fonatorios y su relaci\u00f3n perceptivo-auditiva con la voz. Din\u00e1micas musculares.<br \/>\n\u2022 La respiraci\u00f3n como sost\u00e9n del sonido vocal.<br \/>\n\u2022 Precisi\u00f3n fonatoria. Coordinaci\u00f3n aire y voz. Diadococinesia vocal.<br \/>\n\u2022 Sistema estomatogn\u00e1tico y la voz. Presentaci\u00f3n de los Ejercicios de Stretching Lingual (ESL).<br \/>\n\u2022 Resonancias. Foco vs efecto resonancial. Modificaciones del Tracto vocal y su acople en la fonaci\u00f3n.<br \/>\nSe entregar\u00e1 certificado de asistencia.<br \/>\nCarga horaria: 4 horas.<\/p>\n<p>ARANCELES (Valores expresados en pesos argentinos):<br \/>\nSocias\/os ASALFA con cuota al d\u00eda.: $16.000<br \/>\nNo socios: $32.000<br \/>\nExtranjeros: USD 45 d\u00f3lares (PayPal)<\/p>\n","protected":false},"excerpt":{"rendered":"<p>TALLER TE\u00d3RICO-PR\u00c1CTICO: ENTRENAMIENTO FISIOL\u00d3GICO DE LA VOZ Inscripci\u00f3n:\u00a0https:\/\/forms.gle\/5JBzfejuPH2H7fjC6 DESTINATARIOS: Fonoaudi\u00f3logas\/os universitarios, Licenciadas\/os y Doctores en Fonoaudiolog\u00eda, Estudiantes avanzados de la Carrera universitaria de Licenciatura en Fonoaudiolog\u00eda. Profesores de canto. MODALIDAD: Encuentro en vivo a trav\u00e9s de videoconferencia ZOOM. La clase no ser\u00e1 grabada. Se entregar\u00e1 material respaldatorio. La propuesta de formaci\u00f3n tiene como objetivos principales:&hellip;<\/p>\n","protected":false},"author":2,"featured_media":2596,"comment_status":"closed","ping_status":"open","sticky":false,"template":"","format":"standard","meta":{"cybocfi_hide_featured_image":"yes"},"categories":[154],"tags":[494,458],"yoast_head":"<!-- This site is optimized with the Yoast SEO plugin v16.8 - https:\/\/yoast.com\/wordpress\/plugins\/seo\/ -->\n<title>Taller vocal | Asoc. Arg. de Logopedia, Foniatr\u00eda y Audiolog\u00eda<\/title>\n<meta name=\"description\" content=\"Taller te\u00f3rico-pr\u00e1ctico: Entrenamiento fisiol\u00f3gico de la voz. S\u00e1bado 10 de agosto 2024, de 10:00 a 14:00 hs. Disertante: Lic. Karina Rubio.\" \/>\n<meta name=\"robots\" content=\"index, follow, max-snippet:-1, max-image-preview:large, max-video-preview:-1\" \/>\n<link rel=\"canonical\" href=\"https:\/\/www.asalfa.org.ar\/web\/2024\/06\/05\/taller-vocal\/\" \/>\n<meta property=\"og:locale\" content=\"es_ES\" \/>\n<meta property=\"og:type\" content=\"article\" \/>\n<meta property=\"og:title\" content=\"Taller vocal | Asoc. Arg. de Logopedia, Foniatr\u00eda y Audiolog\u00eda\" \/>\n<meta property=\"og:description\" content=\"Taller te\u00f3rico-pr\u00e1ctico: Entrenamiento fisiol\u00f3gico de la voz. S\u00e1bado 10 de agosto 2024, de 10:00 a 14:00 hs. Disertante: Lic. Karina Rubio.\" \/>\n<meta property=\"og:url\" content=\"https:\/\/www.asalfa.org.ar\/web\/2024\/06\/05\/taller-vocal\/\" \/>\n<meta property=\"og:site_name\" content=\"Asoc. Arg. de Logopedia, Foniatr\u00eda y Audiolog\u00eda\" \/>\n<meta property=\"article:publisher\" content=\"https:\/\/www.facebook.com\/asalfa.web\" \/>\n<meta property=\"article:published_time\" content=\"2024-06-05T20:52:17+00:00\" \/>\n<meta property=\"article:modified_time\" content=\"2026-01-13T21:22:51+00:00\" \/>\n<meta property=\"og:image\" content=\"http:\/\/www.asalfa.org.ar\/web\/wp-content\/uploads\/2024\/06\/Curso-de-voz.jpg\" \/>\n\t<meta property=\"og:image:width\" content=\"1080\" \/>\n\t<meta property=\"og:image:height\" content=\"1080\" \/>\n<meta name=\"twitter:card\" content=\"summary_large_image\" \/>\n<meta name=\"twitter:label1\" content=\"Escrito por\" \/>\n\t<meta name=\"twitter:data1\" content=\"ASALFA Admin\" \/>\n\t<meta name=\"twitter:label2\" content=\"Tiempo de lectura\" \/>\n\t<meta name=\"twitter:data2\" content=\"1 minuto\" \/>\n<script type=\"application\/ld+json\" class=\"yoast-schema-graph\">{\"@context\":\"https:\/\/schema.org\",\"@graph\":[{\"@type\":\"Organization\",\"@id\":\"http:\/\/www.asalfa.org.ar\/web\/#organization\",\"name\":\"ASALFA\",\"url\":\"http:\/\/www.asalfa.org.ar\/web\/\",\"sameAs\":[\"https:\/\/www.facebook.com\/asalfa.web\",\"https:\/\/www.instagram.com\/asalfa.fono\/\",\"https:\/\/www.youtube.com\/channel\/UCViRiKssMnG1fvSb5yMV_Gw\"],\"logo\":{\"@type\":\"ImageObject\",\"@id\":\"http:\/\/www.asalfa.org.ar\/web\/#logo\",\"inLanguage\":\"es-AR\",\"url\":\"https:\/\/www.asalfa.org.ar\/web\/wp-content\/uploads\/2021\/07\/LogoASALFAdesde1948-1.png\",\"contentUrl\":\"https:\/\/www.asalfa.org.ar\/web\/wp-content\/uploads\/2021\/07\/LogoASALFAdesde1948-1.png\",\"width\":249,\"height\":65,\"caption\":\"ASALFA\"},\"image\":{\"@id\":\"http:\/\/www.asalfa.org.ar\/web\/#logo\"}},{\"@type\":\"WebSite\",\"@id\":\"http:\/\/www.asalfa.org.ar\/web\/#website\",\"url\":\"http:\/\/www.asalfa.org.ar\/web\/\",\"name\":\"ASALFA\",\"description\":\"Fonoaudiolog\\u00eda\",\"publisher\":{\"@id\":\"http:\/\/www.asalfa.org.ar\/web\/#organization\"},\"potentialAction\":[{\"@type\":\"SearchAction\",\"target\":{\"@type\":\"EntryPoint\",\"urlTemplate\":\"http:\/\/www.asalfa.org.ar\/web\/?s={search_term_string}\"},\"query-input\":\"required name=search_term_string\"}],\"inLanguage\":\"es-AR\"},{\"@type\":\"WebPage\",\"@id\":\"https:\/\/www.asalfa.org.ar\/web\/2024\/06\/05\/taller-vocal\/#webpage\",\"url\":\"https:\/\/www.asalfa.org.ar\/web\/2024\/06\/05\/taller-vocal\/\",\"name\":\"Taller vocal | Asoc. Arg. de Logopedia, Foniatr\\u00eda y Audiolog\\u00eda\",\"isPartOf\":{\"@id\":\"http:\/\/www.asalfa.org.ar\/web\/#website\"},\"primaryImageOfPage\":{\"@id\":\"https:\/\/www.asalfa.org.ar\/web\/2024\/06\/05\/taller-vocal\/#primaryimage\"},\"datePublished\":\"2024-06-05T20:52:17+00:00\",\"dateModified\":\"2026-01-13T21:22:51+00:00\",\"description\":\"Taller te\\u00f3rico-pr\\u00e1ctico: Entrenamiento fisiol\\u00f3gico de la voz. S\\u00e1bado 10 de agosto 2024, de 10:00 a 14:00 hs. Disertante: Lic. Karina Rubio.\",\"breadcrumb\":{\"@id\":\"https:\/\/www.asalfa.org.ar\/web\/2024\/06\/05\/taller-vocal\/#breadcrumb\"},\"inLanguage\":\"es-AR\",\"potentialAction\":[{\"@type\":\"ReadAction\",\"target\":[\"https:\/\/www.asalfa.org.ar\/web\/2024\/06\/05\/taller-vocal\/\"]}]},{\"@type\":\"BreadcrumbList\",\"@id\":\"https:\/\/www.asalfa.org.ar\/web\/2024\/06\/05\/taller-vocal\/#breadcrumb\",\"itemListElement\":[{\"@type\":\"ListItem\",\"position\":1,\"name\":\"Inicio\",\"item\":\"http:\/\/www.asalfa.org.ar\/web\/\"},{\"@type\":\"ListItem\",\"position\":2,\"name\":\"Taller vocal\"}]},{\"@type\":\"Article\",\"@id\":\"https:\/\/www.asalfa.org.ar\/web\/2024\/06\/05\/taller-vocal\/#article\",\"isPartOf\":{\"@id\":\"https:\/\/www.asalfa.org.ar\/web\/2024\/06\/05\/taller-vocal\/#webpage\"},\"author\":{\"@id\":\"http:\/\/www.asalfa.org.ar\/web\/#\/schema\/person\/625f84604dfba1ef4091e2d3526bb70f\"},\"headline\":\"Taller vocal\",\"datePublished\":\"2024-06-05T20:52:17+00:00\",\"dateModified\":\"2026-01-13T21:22:51+00:00\",\"mainEntityOfPage\":{\"@id\":\"https:\/\/www.asalfa.org.ar\/web\/2024\/06\/05\/taller-vocal\/#webpage\"},\"wordCount\":240,\"publisher\":{\"@id\":\"http:\/\/www.asalfa.org.ar\/web\/#organization\"},\"image\":{\"@id\":\"https:\/\/www.asalfa.org.ar\/web\/2024\/06\/05\/taller-vocal\/#primaryimage\"},\"thumbnailUrl\":\"http:\/\/www.asalfa.org.ar\/web\/wp-content\/uploads\/2024\/06\/Curso-de-voz.jpg\",\"keywords\":[\"fisiolog\\u00eda\",\"vocal\"],\"articleSection\":[\"Cursos Zoom\"],\"inLanguage\":\"es-AR\"},{\"@type\":\"Person\",\"@id\":\"http:\/\/www.asalfa.org.ar\/web\/#\/schema\/person\/625f84604dfba1ef4091e2d3526bb70f\",\"name\":\"ASALFA Admin\",\"image\":{\"@type\":\"ImageObject\",\"@id\":\"http:\/\/www.asalfa.org.ar\/web\/#personlogo\",\"inLanguage\":\"es-AR\",\"url\":\"http:\/\/2.gravatar.com\/avatar\/bbcea11de129e1ed1241b23770da0727?s=96&d=mm&r=g\",\"contentUrl\":\"http:\/\/2.gravatar.com\/avatar\/bbcea11de129e1ed1241b23770da0727?s=96&d=mm&r=g\",\"caption\":\"ASALFA Admin\"},\"url\":\"http:\/\/www.asalfa.org.ar\/web\/author\/asalfaadmin\/\"}]}<\/script>\n<!-- \/ Yoast SEO plugin. -->","yoast_head_json":{"title":"Taller vocal | Asoc. Arg. de Logopedia, Foniatr\u00eda y Audiolog\u00eda","description":"Taller te\u00f3rico-pr\u00e1ctico: Entrenamiento fisiol\u00f3gico de la voz. S\u00e1bado 10 de agosto 2024, de 10:00 a 14:00 hs. Disertante: Lic. Karina Rubio.","robots":{"index":"index","follow":"follow","max-snippet":"max-snippet:-1","max-image-preview":"max-image-preview:large","max-video-preview":"max-video-preview:-1"},"canonical":"https:\/\/www.asalfa.org.ar\/web\/2024\/06\/05\/taller-vocal\/","og_locale":"es_ES","og_type":"article","og_title":"Taller vocal | Asoc. Arg. de Logopedia, Foniatr\u00eda y Audiolog\u00eda","og_description":"Taller te\u00f3rico-pr\u00e1ctico: Entrenamiento fisiol\u00f3gico de la voz. S\u00e1bado 10 de agosto 2024, de 10:00 a 14:00 hs. Disertante: Lic. Karina Rubio.","og_url":"https:\/\/www.asalfa.org.ar\/web\/2024\/06\/05\/taller-vocal\/","og_site_name":"Asoc. Arg. de Logopedia, Foniatr\u00eda y Audiolog\u00eda","article_publisher":"https:\/\/www.facebook.com\/asalfa.web","article_published_time":"2024-06-05T20:52:17+00:00","article_modified_time":"2026-01-13T21:22:51+00:00","og_image":[{"width":1080,"height":1080,"url":"http:\/\/www.asalfa.org.ar\/web\/wp-content\/uploads\/2024\/06\/Curso-de-voz.jpg","path":"\/home\/laura\/public_html\/web\/wp-content\/uploads\/2024\/06\/Curso-de-voz.jpg","size":"full","id":2596,"alt":"","pixels":1166400,"type":"image\/jpeg"}],"twitter_card":"summary_large_image","twitter_misc":{"Escrito por":"ASALFA Admin","Tiempo de lectura":"1 minuto"},"schema":{"@context":"https:\/\/schema.org","@graph":[{"@type":"Organization","@id":"http:\/\/www.asalfa.org.ar\/web\/#organization","name":"ASALFA","url":"http:\/\/www.asalfa.org.ar\/web\/","sameAs":["https:\/\/www.facebook.com\/asalfa.web","https:\/\/www.instagram.com\/asalfa.fono\/","https:\/\/www.youtube.com\/channel\/UCViRiKssMnG1fvSb5yMV_Gw"],"logo":{"@type":"ImageObject","@id":"http:\/\/www.asalfa.org.ar\/web\/#logo","inLanguage":"es-AR","url":"https:\/\/www.asalfa.org.ar\/web\/wp-content\/uploads\/2021\/07\/LogoASALFAdesde1948-1.png","contentUrl":"https:\/\/www.asalfa.org.ar\/web\/wp-content\/uploads\/2021\/07\/LogoASALFAdesde1948-1.png","width":249,"height":65,"caption":"ASALFA"},"image":{"@id":"http:\/\/www.asalfa.org.ar\/web\/#logo"}},{"@type":"WebSite","@id":"http:\/\/www.asalfa.org.ar\/web\/#website","url":"http:\/\/www.asalfa.org.ar\/web\/","name":"ASALFA","description":"Fonoaudiolog\u00eda","publisher":{"@id":"http:\/\/www.asalfa.org.ar\/web\/#organization"},"potentialAction":[{"@type":"SearchAction","target":{"@type":"EntryPoint","urlTemplate":"http:\/\/www.asalfa.org.ar\/web\/?s={search_term_string}"},"query-input":"required name=search_term_string"}],"inLanguage":"es-AR"},{"@type":"WebPage","@id":"https:\/\/www.asalfa.org.ar\/web\/2024\/06\/05\/taller-vocal\/#webpage","url":"https:\/\/www.asalfa.org.ar\/web\/2024\/06\/05\/taller-vocal\/","name":"Taller vocal | Asoc. Arg. de Logopedia, Foniatr\u00eda y Audiolog\u00eda","isPartOf":{"@id":"http:\/\/www.asalfa.org.ar\/web\/#website"},"primaryImageOfPage":{"@id":"https:\/\/www.asalfa.org.ar\/web\/2024\/06\/05\/taller-vocal\/#primaryimage"},"datePublished":"2024-06-05T20:52:17+00:00","dateModified":"2026-01-13T21:22:51+00:00","description":"Taller te\u00f3rico-pr\u00e1ctico: Entrenamiento fisiol\u00f3gico de la voz. S\u00e1bado 10 de agosto 2024, de 10:00 a 14:00 hs. Disertante: Lic. Karina Rubio.","breadcrumb":{"@id":"https:\/\/www.asalfa.org.ar\/web\/2024\/06\/05\/taller-vocal\/#breadcrumb"},"inLanguage":"es-AR","potentialAction":[{"@type":"ReadAction","target":["https:\/\/www.asalfa.org.ar\/web\/2024\/06\/05\/taller-vocal\/"]}]},{"@type":"BreadcrumbList","@id":"https:\/\/www.asalfa.org.ar\/web\/2024\/06\/05\/taller-vocal\/#breadcrumb","itemListElement":[{"@type":"ListItem","position":1,"name":"Inicio","item":"http:\/\/www.asalfa.org.ar\/web\/"},{"@type":"ListItem","position":2,"name":"Taller vocal"}]},{"@type":"Article","@id":"https:\/\/www.asalfa.org.ar\/web\/2024\/06\/05\/taller-vocal\/#article","isPartOf":{"@id":"https:\/\/www.asalfa.org.ar\/web\/2024\/06\/05\/taller-vocal\/#webpage"},"author":{"@id":"http:\/\/www.asalfa.org.ar\/web\/#\/schema\/person\/625f84604dfba1ef4091e2d3526bb70f"},"headline":"Taller vocal","datePublished":"2024-06-05T20:52:17+00:00","dateModified":"2026-01-13T21:22:51+00:00","mainEntityOfPage":{"@id":"https:\/\/www.asalfa.org.ar\/web\/2024\/06\/05\/taller-vocal\/#webpage"},"wordCount":240,"publisher":{"@id":"http:\/\/www.asalfa.org.ar\/web\/#organization"},"image":{"@id":"https:\/\/www.asalfa.org.ar\/web\/2024\/06\/05\/taller-vocal\/#primaryimage"},"thumbnailUrl":"http:\/\/www.asalfa.org.ar\/web\/wp-content\/uploads\/2024\/06\/Curso-de-voz.jpg","keywords":["fisiolog\u00eda","vocal"],"articleSection":["Cursos Zoom"],"inLanguage":"es-AR"},{"@type":"Person","@id":"http:\/\/www.asalfa.org.ar\/web\/#\/schema\/person\/625f84604dfba1ef4091e2d3526bb70f","name":"ASALFA Admin","image":{"@type":"ImageObject","@id":"http:\/\/www.asalfa.org.ar\/web\/#personlogo","inLanguage":"es-AR","url":"http:\/\/2.gravatar.com\/avatar\/bbcea11de129e1ed1241b23770da0727?s=96&d=mm&r=g","contentUrl":"http:\/\/2.gravatar.com\/avatar\/bbcea11de129e1ed1241b23770da0727?s=96&d=mm&r=g","caption":"ASALFA Admin"},"url":"http:\/\/www.asalfa.org.ar\/web\/author\/asalfaadmin\/"}]}},"_links":{"self":[{"href":"http:\/\/www.asalfa.org.ar\/web\/wp-json\/wp\/v2\/posts\/2595"}],"collection":[{"href":"http:\/\/www.asalfa.org.ar\/web\/wp-json\/wp\/v2\/posts"}],"about":[{"href":"http:\/\/www.asalfa.org.ar\/web\/wp-json\/wp\/v2\/types\/post"}],"author":[{"embeddable":true,"href":"http:\/\/www.asalfa.org.ar\/web\/wp-json\/wp\/v2\/users\/2"}],"replies":[{"embeddable":true,"href":"http:\/\/www.asalfa.org.ar\/web\/wp-json\/wp\/v2\/comments?post=2595"}],"version-history":[{"count":4,"href":"http:\/\/www.asalfa.org.ar\/web\/wp-json\/wp\/v2\/posts\/2595\/revisions"}],"predecessor-version":[{"id":2616,"href":"http:\/\/www.asalfa.org.ar\/web\/wp-json\/wp\/v2\/posts\/2595\/revisions\/2616"}],"wp:featuredmedia":[{"embeddable":true,"href":"http:\/\/www.asalfa.org.ar\/web\/wp-json\/wp\/v2\/media\/2596"}],"wp:attachment":[{"href":"http:\/\/www.asalfa.org.ar\/web\/wp-json\/wp\/v2\/media?parent=2595"}],"wp:term":[{"taxonomy":"category","embeddable":true,"href":"http:\/\/www.asalfa.org.ar\/web\/wp-json\/wp\/v2\/categories?post=2595"},{"taxonomy":"post_tag","embeddable":true,"href":"http:\/\/www.asalfa.org.ar\/web\/wp-json\/wp\/v2\/tags?post=2595"}],"curies":[{"name":"wp","href":"https:\/\/api.w.org\/{rel}","templated":true}]}}